{"id":628232192,"date":"2015-09-13T09:49:00","date_gmt":"2015-09-13T07:49:00","guid":{"rendered":"http:\/\/snowglitter.blogg.se\/2015\/september\/en-smakbit-pa-sondag-rod-drottning.html"},"modified":"2015-09-13T09:49:00","modified_gmt":"2015-09-13T07:49:00","slug":"2015_september_en-smakbit-pa-sondag-rod-drottning","status":"publish","type":"post","link":"https:\/\/snowglitterbooks.com\/index.php\/2015\/09\/13\/2015_september_en-smakbit-pa-sondag-rod-drottning\/","title":{"rendered":"En smakbit p\u00e5 s\u00f6ndag: R\u00f6d drottning"},"content":{"rendered":"<div>\n<div><a href=\"http:\/\/gronneskoger.blogspot.no\/\"><img decoding=\"async\" src=\"https:\/\/snowglitterbooks.com\/wp-content\/uploads\/2015\/06\/6473057481_ce462009e6_o_558644892a6b229c50e30231.png\" alt=\"\" style=\"display: block; margin-left: auto; margin-right: auto;\" class=\"image\" data-oid=\"558644892a6b229c50e30231\" \/><\/a><\/div>\n<div>\u00a0<\/div>\n<div><span>S\u00f6ndag och dags f\u00f6r en smakbit! Det g\u00e5r ut p\u00e5 att vi delar med oss av ett kort stycke fr\u00e5n boken vi f\u00f6r tillf\u00e4llet l\u00e4ser, s\u00e5 denna g\u00e5ng blir det fr\u00e5n:<\/span> <strong>R\u00f6d drottning<\/strong> av Victoria Aveyard. Nu skall b\u00e5de Kilorn och Mare ut i kriget..<\/div>\n<div>\u00a0<\/div>\n<div>\n<div>\n<div><img decoding=\"async\" src=\"https:\/\/snowglitterbooks.com\/wp-content\/uploads\/2015\/09\/img_9892-001_55f52a76ddf2b366dd652ff6.jpg\" alt=\"\" style=\"display: block; margin-left: auto; margin-right: auto;\" class=\"image\" data-oid=\"55f52a76ddf2b366dd652ff6\" \/><\/div>\n<\/div>\n<div>\u00a0<\/div>\n<\/div>\n<div>\n<div><img decoding=\"async\" src=\"https:\/\/snowglitterbooks.com\/wp-content\/uploads\/2015\/09\/rod-drottning_55f49092ddf2b35c598d567e.jpg\" alt=\"\" style=\"display: block; margin-left: auto; margin-right: auto;\" class=\"image\" data-oid=\"55f49092ddf2b35c598d567e\" \/><\/div>\n<\/div>\n<\/div>\n","protected":false},"excerpt":{"rendered":"<p>\u00a0 S\u00f6ndag och dags f\u00f6r en smakbit! Det g\u00e5r ut p\u00e5 att vi delar med oss av ett kort stycke fr\u00e5n boken vi f\u00f6r tillf\u00e4llet l\u00e4ser, s\u00e5 denna g\u00e5ng blir det fr\u00e5n: R\u00f6d drottning av Victoria Aveyard. Nu skall b\u00e5de Kilorn och Mare ut i kriget.. \u00a0 \u00a0<\/p>\n","protected":false},"author":1,"featured_media":0,"comment_status":"open","ping_status":"open","sticky":false,"template":"","format":"standard","meta":{"footnotes":""},"categories":[9],"tags":[249,65,654,814],"_links":{"self":[{"href":"https:\/\/snowglitterbooks.com\/index.php\/wp-json\/wp\/v2\/posts\/628232192"}],"collection":[{"href":"https:\/\/snowglitterbooks.com\/index.php\/wp-json\/wp\/v2\/posts"}],"about":[{"href":"https:\/\/snowglitterbooks.com\/index.php\/wp-json\/wp\/v2\/types\/post"}],"author":[{"embeddable":true,"href":"https:\/\/snowglitterbooks.com\/index.php\/wp-json\/wp\/v2\/users\/1"}],"replies":[{"embeddable":true,"href":"https:\/\/snowglitterbooks.com\/index.php\/wp-json\/wp\/v2\/comments?post=628232192"}],"version-history":[{"count":0,"href":"https:\/\/snowglitterbooks.com\/index.php\/wp-json\/wp\/v2\/posts\/628232192\/revisions"}],"wp:attachment":[{"href":"https:\/\/snowglitterbooks.com\/index.php\/wp-json\/wp\/v2\/media?parent=628232192"}],"wp:term":[{"taxonomy":"category","embeddable":true,"href":"https:\/\/snowglitterbooks.com\/index.php\/wp-json\/wp\/v2\/categories?post=628232192"},{"taxonomy":"post_tag","embeddable":true,"href":"https:\/\/snowglitterbooks.com\/index.php\/wp-json\/wp\/v2\/tags?post=628232192"}],"curies":[{"name":"wp","href":"https:\/\/api.w.org\/{rel}","templated":true}]}}